{"id":228,"date":"2019-04-24T16:36:26","date_gmt":"2019-04-24T16:36:26","guid":{"rendered":"http:\/\/capgen.com.ar\/blog\/?p=228"},"modified":"2019-04-24T17:57:58","modified_gmt":"2019-04-24T17:57:58","slug":"meningitis","status":"publish","type":"post","link":"http:\/\/capgen.com.ar\/blog\/meningitis\/","title":{"rendered":"Meningitis"},"content":{"rendered":"<section class=\"detail-body\">\n<section id=\"note-body\" class=\"body-content note-body content-protected-false\" data-twitter-link=\"https:\/\/twitter.com\/intent\/tweet?url=https:\/\/www.ambito.com\/c5027966&amp;v\u00eda=Ambitocom&amp;related=\u00e1mbito.com&amp;text=\">Esta\u00a0<strong>enfermedad afecta anualmente a m\u00e1s de 1 mill\u00f3n de personas.<\/strong>\u00a0El final del verano y el comienzo de la temporada oto\u00f1al constituyen\u00a0<strong>el per\u00edodo con mayor cantidad de casos de meningitis viral y la mayor\u00eda de las infecciones ocurre en menores de cinco a\u00f1os<\/strong>.\u00bfDe qu\u00e9 se trata?<\/section>\n<\/section>\n<section class=\"detail-body\">\n<section class=\"body-content note-body content-protected-false\">La meningitis\u00a0<strong>es la inflamaci\u00f3n de las tres membranas que recubren el cerebro y la m\u00e9dula espinal.<\/strong>\u00a0Sin dudas, es una de las enfermedades m\u00e1s alarmantes, sobre todo en lactantes y ni\u00f1os, porque es potencialmente fatal si no se la trata a tiempo.Existen diversos tipos de meningitis seg\u00fan el origen, generalmente ocasionados por bacterias o virus. Los primeros son muy graves y requieren tratamiento inmediato, ya que pueden dejar secuelas severas. En tanto, la meningitis viral es m\u00e1s leve y ocurre con mayor frecuencia que la meningitis bacteriana.Es fundamental que los padres o personas a cargo de chicos peque\u00f1os conozcan la sintomatolog\u00eda de la meningitis\u00a0para poder detectar a tiempo los signos de alerta y llevar a los ni\u00f1os a una consulta m\u00e9dica de manera urgente.<\/p>\n<p>Si bien los s\u00edntomas var\u00edan en funci\u00f3n de la edad del paciente, en los menores los m\u00e1s habituales son:<\/p>\n<ul>\n<li>Fiebre muy alta<\/li>\n<li>Somnolencia y decaimiento<\/li>\n<li>Irritabilidad<\/li>\n<li>Dolor de cabeza<\/li>\n<li>Fotofobia (ojos hipersensibles a la luz)<\/li>\n<li>Rigidez de cuello<\/li>\n<li>Erupciones cut\u00e1neas<\/li>\n<li>Convulsiones<\/li>\n<\/ul>\n<p>Por su parte, los\u00a0<strong>s\u00edntomas de la meningitis en los lactantes, que tambi\u00e9n constituyen una poblaci\u00f3n de riesgo para esta enfermedad, son<\/strong>:<\/p>\n<ul>\n<li>Ictericia (tonalidad amarillenta en la piel)<\/li>\n<li>Rigidez de cuello y de todo el cuerpo<\/li>\n<li>Fiebre o temperatura corporal m\u00e1s baja de lo normal<\/li>\n<li>Inapetencia<\/li>\n<li>Succi\u00f3n d\u00e9bil<\/li>\n<li>Llanto agudo, inconsolable<\/li>\n<li>Fontanelas llena y abultada (las zonas blandas de las partes superior y anterior del cr\u00e1neo del beb\u00e9)<\/li>\n<\/ul>\n<p>La manifestaci\u00f3n menos usual de la patolog\u00eda \u2013 la meningitis bacteriana \u2013requiere internaci\u00f3n y suministro de antibi\u00f3ticos espec\u00edficos. Es importante destacar que si se inicia el tratamiento r\u00e1pidamente, la evoluci\u00f3n, es favorable, en la mayor\u00eda de los casos<\/p>\n<p>Por su lado,\u00a0las meningitis virales no siempre demandan internaci\u00f3n,\u00a0y el tratamiento est\u00e1 orientado a aliviar los s\u00edntomas, por lo que incluye analg\u00e9sicos y reposo. En general\u00a0los cuadros de meningitis viral remiten completamente en el curso de 7 a 10 d\u00edas, y lo hacen sin complicaciones ni necesidad de tratamiento adicional.<\/p>\n<p>En tanto, determinadas vacunas dispuestas en el calendario Nacional de Vacunaci\u00f3n, que son gratuitas en todos los centros de salud\u00a0 y hospitales p\u00fablicos del pa\u00eds, pueden prevenir algunas formas de meningitis bacterianas. Las que act\u00faan preventivamente son:\u00a0<strong>antimeningococo, antihaemophilus y antineumococo<\/strong>\u00a0(algunas de estas dosis no est\u00e1n incluidas en el calendario obligatorio).<\/p>\n<p>Por \u00faltimo, es importante destacar que, de\u00a0<strong>declararse un caso de meningitis meningoc\u00f3cica, todos los miembros del hogar y otras personas en estrecho contacto con la persona enferma deber\u00e1n recibir antibi\u00f3ticos preventivos<\/strong>\u00a0para evitar infectarse.<\/p>\n<p>Vacunarse, conocer los s\u00edntomas y actuar con rapidez es clave.<\/p>\n<\/section>\n<\/section>\n","protected":false},"excerpt":{"rendered":"<p>Esta\u00a0enfermedad afecta anualmente a m\u00e1s de 1 mill\u00f3n de personas.\u00a0El final del verano y el comienzo de la temporada oto\u00f1al constituyen\u00a0el per\u00edodo con mayor cantidad de casos de meningitis viral y la mayor\u00eda de las infecciones ocurre en menores de cinco a\u00f1os.\u00bfDe qu\u00e9 se trata? La meningitis\u00a0es la inflamaci\u00f3n de las tres membranas que recubren &hellip; <a href=\"http:\/\/capgen.com.ar\/blog\/meningitis\/\" class=\"more-link\">Continuar leyendo<span class=\"screen-reader-text\"> \u00abMeningitis\u00bb<\/span><\/a><\/p>\n","protected":false},"author":3,"featured_media":229,"comment_status":"open","ping_status":"open","sticky":false,"template":"","format":"standard","meta":{"footnotes":""},"categories":[1],"tags":[],"class_list":["post-228","post","type-post","status-publish","format-standard","has-post-thumbnail","hentry","category-uncategorized"],"_links":{"self":[{"href":"http:\/\/capgen.com.ar\/blog\/wp-json\/wp\/v2\/posts\/228"}],"collection":[{"href":"http:\/\/capgen.com.ar\/blog\/wp-json\/wp\/v2\/posts"}],"about":[{"href":"http:\/\/capgen.com.ar\/blog\/wp-json\/wp\/v2\/types\/post"}],"author":[{"embeddable":true,"href":"http:\/\/capgen.com.ar\/blog\/wp-json\/wp\/v2\/users\/3"}],"replies":[{"embeddable":true,"href":"http:\/\/capgen.com.ar\/blog\/wp-json\/wp\/v2\/comments?post=228"}],"version-history":[{"count":4,"href":"http:\/\/capgen.com.ar\/blog\/wp-json\/wp\/v2\/posts\/228\/revisions"}],"predecessor-version":[{"id":235,"href":"http:\/\/capgen.com.ar\/blog\/wp-json\/wp\/v2\/posts\/228\/revisions\/235"}],"wp:featuredmedia":[{"embeddable":true,"href":"http:\/\/capgen.com.ar\/blog\/wp-json\/wp\/v2\/media\/229"}],"wp:attachment":[{"href":"http:\/\/capgen.com.ar\/blog\/wp-json\/wp\/v2\/media?parent=228"}],"wp:term":[{"taxonomy":"category","embeddable":true,"href":"http:\/\/capgen.com.ar\/blog\/wp-json\/wp\/v2\/categories?post=228"},{"taxonomy":"post_tag","embeddable":true,"href":"http:\/\/capgen.com.ar\/blog\/wp-json\/wp\/v2\/tags?post=228"}],"curies":[{"name":"wp","href":"https:\/\/api.w.org\/{rel}","templated":true}]}}